{"id":1199,"date":"2019-12-25T08:20:55","date_gmt":"2019-12-25T08:20:55","guid":{"rendered":"http:\/\/butul.net\/?p=1199"},"modified":"2023-06-05T15:26:49","modified_gmt":"2023-06-05T15:26:49","slug":"le-vin-noir-sera-a-nouveau-a-lhonneur","status":"publish","type":"post","link":"https:\/\/butul.net\/fr\/black-wine-will-be-the-future-again\/","title":{"rendered":"Le vin noir sera \u00e0 nouveau \u00e0 l&#x27;honneur"},"content":{"rendered":"<ul class=\"wp-block-gallery columns-2 is-cropped wp-block-gallery-1 is-layout-flex wp-block-gallery-is-layout-flex\"><li class=\"blocks-gallery-item\"><figure><img decoding=\"async\" data-src=\"\/\/butul.net\/wp-content\/uploads\/2019\/12\/tatjana-razlaga-1600x778.jpg\" alt=\"\" data-id=\"1201\" data-link=\"\/\/butul.net\/?attachment_id=1201\" class=\"wp-image-1201 lazyload\" src=\"data:image\/svg+xml;base64,PHN2ZyB3aWR0aD0iMSIgaGVpZ2h0PSIxIiB4bWxucz0iaHR0cDovL3d3dy53My5vcmcvMjAwMC9zdmciPjwvc3ZnPg==\" style=\"--smush-placeholder-width: 1600px; --smush-placeholder-aspect-ratio: 1600\/778;\" \/><\/figure><\/li><li class=\"blocks-gallery-item\"><figure><img decoding=\"async\" data-src=\"\/\/butul.net\/wp-content\/uploads\/2019\/12\/omizje-1-1600x851.jpg\" alt=\"\" data-id=\"1203\" data-link=\"\/\/butul.net\/?attachment_id=1203\" class=\"wp-image-1203 lazyload\" src=\"data:image\/svg+xml;base64,PHN2ZyB3aWR0aD0iMSIgaGVpZ2h0PSIxIiB4bWxucz0iaHR0cDovL3d3dy53My5vcmcvMjAwMC9zdmciPjwvc3ZnPg==\" style=\"--smush-placeholder-width: 1600px; --smush-placeholder-aspect-ratio: 1600\/851;\" \/><\/figure><\/li><\/ul>\n\n\n\n<p class=\"wp-block-paragraph\">\u201c Le vin noir, c&#x27;est notre tradition. \u201d Lors de la table ronde organis\u00e9e \u00e0 l&#x27;occasion de la Journ\u00e9e Terra Madre, en collaboration avec Las Istra, nous avons suscit\u00e9, pour le plus grand plaisir des participants \u00e0 la rencontre, le soutien de nombreux vignerons du littoral et un vif int\u00e9r\u00eat de la part du public. Le vin noir, c&#x27;est notre tradition, et il le restera. Les pr\u00e9paratifs du Festival du vin noir 2020 ont commenc\u00e9. Certains m\u00e9dias ont \u00e9galement \u00e9voqu\u00e9 l\u2019\u00e9v\u00e9nement, et des dossiers sp\u00e9ciaux sont en cours de pr\u00e9paration sur ce th\u00e8me. <a href=\"\/\/www.slovenskenovice.si\/novice\/slovenija\/clanek\/vino-je-tudi-crno-260330\">\/\/www.slovenskenovice.si\/novice\/slovenija\/clanek\/vino-je-tudi-crno-260330 <\/a><a href=\"\/\/gastrogurman.si\/novice-in-dogodki\/dan-matere-zemlje\/\">\/\/gastrogurman.si\/actualit\u00e9s-et-\u00e9v\u00e9nements\/journ\u00e9e-de-la-Terre-m\u00e8re\/ <\/a><\/p>\n\n\n\n<p class=\"wp-block-paragraph\">www.blackwine.<a href=\"http:\/\/www.blackwine.si\" target=\"_blank\" rel=\"noopener\">si <\/a><\/p>","protected":false},"excerpt":{"rendered":"<p>&#8220;Black wine is our tradition.&#8221; At the Terra Madre Day Round Table on Terra Madre Day, in cooperation with Las Istra, we brought to the great pleasure of the visitors of the meeting, the support of many coastal winemakers and much public acceptance. Black wine is our tradition and remains. Preparations for the Black Wine&hellip;&nbsp;<\/p>\n<div class=\"read-more-wrapper\"><a href=\"https:\/\/butul.net\/fr\/black-wine-will-be-the-future-again\/\" class=\"button button-primary\" rel=\"bookmark\">Lire la suite &raquo;<span class=\"screen-reader-text\">Le vin noir sera \u00e0 nouveau \u00e0 l&#x27;honneur<\/span><\/a><\/div>","protected":false},"author":2,"featured_media":0,"comment_status":"closed","ping_status":"closed","sticky":false,"template":"","format":"standard","meta":{"neve_meta_sidebar":"","neve_meta_container":"","neve_meta_enable_content_width":"","neve_meta_content_width":0,"neve_meta_title_alignment":"","neve_meta_author_avatar":"","neve_post_elements_order":"","neve_meta_disable_header":"","neve_meta_disable_footer":"","neve_meta_disable_title":"","neve_meta_reading_time":"","footnotes":""},"categories":[20],"tags":[],"class_list":["post-1199","post","type-post","status-publish","format-standard","hentry","category-blog"],"_links":{"self":[{"href":"https:\/\/butul.net\/fr\/wp-json\/wp\/v2\/posts\/1199","targetHints":{"allow":["GET"]}}],"collection":[{"href":"https:\/\/butul.net\/fr\/wp-json\/wp\/v2\/posts"}],"about":[{"href":"https:\/\/butul.net\/fr\/wp-json\/wp\/v2\/types\/post"}],"author":[{"embeddable":true,"href":"https:\/\/butul.net\/fr\/wp-json\/wp\/v2\/users\/2"}],"replies":[{"embeddable":true,"href":"https:\/\/butul.net\/fr\/wp-json\/wp\/v2\/comments?post=1199"}],"version-history":[{"count":1,"href":"https:\/\/butul.net\/fr\/wp-json\/wp\/v2\/posts\/1199\/revisions"}],"predecessor-version":[{"id":3054,"href":"https:\/\/butul.net\/fr\/wp-json\/wp\/v2\/posts\/1199\/revisions\/3054"}],"wp:attachment":[{"href":"https:\/\/butul.net\/fr\/wp-json\/wp\/v2\/media?parent=1199"}],"wp:term":[{"taxonomy":"category","embeddable":true,"href":"https:\/\/butul.net\/fr\/wp-json\/wp\/v2\/categories?post=1199"},{"taxonomy":"post_tag","embeddable":true,"href":"https:\/\/butul.net\/fr\/wp-json\/wp\/v2\/tags?post=1199"}],"curies":[{"name":"wp","href":"https:\/\/api.w.org\/{rel}","templated":true}]}}